{"id":294,"date":"2025-08-04T11:12:10","date_gmt":"2025-08-04T15:12:10","guid":{"rendered":"https:\/\/cidihca.press\/?p=294"},"modified":"2025-08-04T15:16:18","modified_gmt":"2025-08-04T19:16:18","slug":"revue-dhistoire-haitienne-juillet-2025","status":"publish","type":"post","link":"https:\/\/cidihca.press\/?p=294","title":{"rendered":"Revue d&rsquo;histoire haitienne &#8211; Juillet 2025"},"content":{"rendered":"<p style=\"text-align: left;\"><span style=\"color: #000000;\"><strong>Revue d&rsquo;histoire ha\u00eftienne &#8211; Juillet 2025<\/strong><\/span><\/p>\n<ul>\n<li style=\"text-align: left;\"><span style=\"color: #000000;\">Volume 4-5<\/span><\/li>\n<\/ul>\n<p style=\"text-align: left;\"><strong><span style=\"color: #000000;\">Ha\u00efti apr\u00e8s l&rsquo;Occupation Am\u00e9ricaine: chroniques d&rsquo;une nation en mutation (1934-1986).<\/span><\/strong><\/p>\n<p style=\"text-align: left;\"><span style=\"color: #000000;\"><strong>SOMMAIRE<\/strong>:<\/span><\/p>\n<ul style=\"text-align: left;\">\n<li><span style=\"color: #000000;\"><strong>Liminaire<\/strong> de Frantz Voltaire, Claude Moise: une synth\u00e8ses des crises de transition dans l&rsquo;histoire politique contemporaine d&rsquo;Ha\u00efti de 1915-1934 \u00e0 2016-2021<\/span><\/li>\n<li><span style=\"color: #000000;\"><strong>Politique et Id\u00e9ologie<\/strong>: auteurs: Matthew Casey, Lauren Deby, Mathieu Soula, Roger Dorsinville, Claude Moise, Lyns-Virginie Belony<\/span><\/li>\n<li><span style=\"color: #000000;\"><strong>\u00c9conomie<\/strong>: auteurs: Alex Bellande, G\u00e9rald Brisson, Matthew J. Smith, Guy Pierre, Emilio Travieso<\/span><\/li>\n<li><span style=\"color: #000000;\"><strong>Soci\u00e9t\u00e9 et Culture<\/strong>: auteurs: Carlo A. C\u00e9lius, Jacques de Cauna, Claude Dauphin, Mats Lundahl, Hadasah St.Hubert<\/span><\/li>\n<li><span style=\"color: #000000;\"><strong>\u00c9ducation, Religion et sant\u00e9<\/strong>: Auteurs: Grace L Sanders Johnson, Carter Charles, Renaud Piarrou, Catherine \u00c9ve Rouper<\/span><\/li>\n<\/ul>\n<p style=\"text-align: left;\"><span style=\"color: #000000;\"><strong>Notes de lecture<\/strong> auteurs: Friedemann Pestel, Virginie Belony, Catheerine C. LeGrand, ALyssa Goldstein Sepinwall, Lucy Swanson, Yolanda Wood, Maria Matoniu-Midu, David Michel, Patrick Tardieu.<\/span><\/p>\n\n\t\t<style type=\"text\/css\">\n\t\t\t#gallery-1 {\n\t\t\t\tmargin: auto;\n\t\t\t}\n\t\t\t#gallery-1 .gallery-item {\n\t\t\t\tfloat: left;\n\t\t\t\tmargin-top: 10px;\n\t\t\t\ttext-align: center;\n\t\t\t\twidth: 33%;\n\t\t\t}\n\t\t\t#gallery-1 img {\n\t\t\t\tborder: 2px solid #cfcfcf;\n\t\t\t}\n\t\t\t#gallery-1 .gallery-caption {\n\t\t\t\tmargin-left: 0;\n\t\t\t}\n\t\t\t\/* see gallery_shortcode() in wp-includes\/media.php *\/\n\t\t<\/style>\n\t\t<div id='gallery-1' class='gallery galleryid-294 gallery-columns-3 gallery-size-medium'><dl class='gallery-item'>\n\t\t\t<dt class='gallery-icon portrait'>\n\t\t\t\t<a href='https:\/\/cidihca.press\/?attachment_id=351'><img loading=\"lazy\" decoding=\"async\" width=\"243\" height=\"300\" src=\"https:\/\/cidihca.press\/wp-content\/uploads\/2025\/08\/Revue_Histoire_Haitienne_couvert-P1-243x300.jpg\" class=\"attachment-medium size-medium\" alt=\"\" aria-describedby=\"gallery-1-351\" srcset=\"https:\/\/cidihca.press\/wp-content\/uploads\/2025\/08\/Revue_Histoire_Haitienne_couvert-P1-243x300.jpg 243w, https:\/\/cidihca.press\/wp-content\/uploads\/2025\/08\/Revue_Histoire_Haitienne_couvert-P1-831x1024.jpg 831w, https:\/\/cidihca.press\/wp-content\/uploads\/2025\/08\/Revue_Histoire_Haitienne_couvert-P1-768x946.jpg 768w, https:\/\/cidihca.press\/wp-content\/uploads\/2025\/08\/Revue_Histoire_Haitienne_couvert-P1.jpg 900w\" sizes=\"auto, (max-width: 243px) 100vw, 243px\" \/><\/a>\n\t\t\t<\/dt>\n\t\t\t\t<dd class='wp-caption-text gallery-caption' id='gallery-1-351'>\n\t\t\t\tP1 &#8211; couverture\n\t\t\t\t<\/dd><\/dl><dl class='gallery-item'>\n\t\t\t<dt class='gallery-icon portrait'>\n\t\t\t\t<a href='https:\/\/cidihca.press\/?attachment_id=349'><img loading=\"lazy\" decoding=\"async\" width=\"50\" height=\"300\" src=\"https:\/\/cidihca.press\/wp-content\/uploads\/2025\/08\/Revue_Histoire_Haitienne_couvert-Pr-50x300.jpg\" class=\"attachment-medium size-medium\" alt=\"\" aria-describedby=\"gallery-1-349\" \/><\/a>\n\t\t\t<\/dt>\n\t\t\t\t<dd class='wp-caption-text gallery-caption' id='gallery-1-349'>\n\t\t\t\tPr &#8211; couverture\n\t\t\t\t<\/dd><\/dl><dl class='gallery-item'>\n\t\t\t<dt class='gallery-icon portrait'>\n\t\t\t\t<a href='https:\/\/cidihca.press\/?attachment_id=350'><img loading=\"lazy\" decoding=\"async\" width=\"243\" height=\"300\" src=\"https:\/\/cidihca.press\/wp-content\/uploads\/2025\/08\/Revue_Histoire_Haitienne_couvert-P4-243x300.jpg\" class=\"attachment-medium size-medium\" alt=\"\" aria-describedby=\"gallery-1-350\" srcset=\"https:\/\/cidihca.press\/wp-content\/uploads\/2025\/08\/Revue_Histoire_Haitienne_couvert-P4-243x300.jpg 243w, https:\/\/cidihca.press\/wp-content\/uploads\/2025\/08\/Revue_Histoire_Haitienne_couvert-P4-830x1024.jpg 830w, https:\/\/cidihca.press\/wp-content\/uploads\/2025\/08\/Revue_Histoire_Haitienne_couvert-P4-768x947.jpg 768w, https:\/\/cidihca.press\/wp-content\/uploads\/2025\/08\/Revue_Histoire_Haitienne_couvert-P4.jpg 900w\" sizes=\"auto, (max-width: 243px) 100vw, 243px\" \/><\/a>\n\t\t\t<\/dt>\n\t\t\t\t<dd class='wp-caption-text gallery-caption' id='gallery-1-350'>\n\t\t\t\tP4 &#8211; couverture\n\t\t\t\t<\/dd><\/dl><br style=\"clear: both\" \/>\n\t\t<\/div>\n\n","protected":false},"excerpt":{"rendered":"<p>Revue d&rsquo;histoire ha\u00eftienne &#8211; Juillet 2025 Volume 4-5 Ha\u00efti apr\u00e8s l&rsquo;Occupation Am\u00e9ricaine: chroniques d&rsquo;une nation en mutation (1934-1986). SOMMAIRE: Liminaire de Frantz Voltaire, Claude Moise: une synth\u00e8ses des crises de transition dans l&rsquo;histoire politique contemporaine d&rsquo;Ha\u00efti de 1915-1934 \u00e0 2016-2021 Politique et Id\u00e9ologie: auteurs: Matthew Casey, Lauren Deby, Mathieu Soula, Roger Dorsinville, Claude Moise, Lyns-Virginie Belony \u00c9conomie: auteurs: Alex Bellande, G\u00e9rald Brisson, Matthew J. Smith, Guy Pierre, Emilio Travieso Soci\u00e9t\u00e9 et Culture: auteurs: Carlo A. C\u00e9lius, Jacques de Cauna, Claude Dauphin, Mats Lundahl, Hadasah St.Hubert \u00c9ducation, Religion et sant\u00e9: Auteurs:&#8230; <\/p>\n","protected":false},"author":1,"featured_media":352,"comment_status":"closed","ping_status":"closed","sticky":false,"template":"","format":"standard","meta":{"footnotes":""},"categories":[2,3,1,5],"tags":[51,9,47,50,46,52,48,49,53],"class_list":["post-294","post","type-post","status-publish","format-standard","has-post-thumbnail","hentry","category-cidihca","category-culture","category-histoire","category-litterature","tag-bellande","tag-cidihca","tag-dorsinville","tag-goldstein","tag-legrand","tag-moise","tag-sante","tag-travieso","tag-voltaire"],"_links":{"self":[{"href":"https:\/\/cidihca.press\/index.php?rest_route=\/wp\/v2\/posts\/294","targetHints":{"allow":["GET"]}}],"collection":[{"href":"https:\/\/cidihca.press\/index.php?rest_route=\/wp\/v2\/posts"}],"about":[{"href":"https:\/\/cidihca.press\/index.php?rest_route=\/wp\/v2\/types\/post"}],"author":[{"embeddable":true,"href":"https:\/\/cidihca.press\/index.php?rest_route=\/wp\/v2\/users\/1"}],"replies":[{"embeddable":true,"href":"https:\/\/cidihca.press\/index.php?rest_route=%2Fwp%2Fv2%2Fcomments&post=294"}],"version-history":[{"count":6,"href":"https:\/\/cidihca.press\/index.php?rest_route=\/wp\/v2\/posts\/294\/revisions"}],"predecessor-version":[{"id":354,"href":"https:\/\/cidihca.press\/index.php?rest_route=\/wp\/v2\/posts\/294\/revisions\/354"}],"wp:featuredmedia":[{"embeddable":true,"href":"https:\/\/cidihca.press\/index.php?rest_route=\/wp\/v2\/media\/352"}],"wp:attachment":[{"href":"https:\/\/cidihca.press\/index.php?rest_route=%2Fwp%2Fv2%2Fmedia&parent=294"}],"wp:term":[{"taxonomy":"category","embeddable":true,"href":"https:\/\/cidihca.press\/index.php?rest_route=%2Fwp%2Fv2%2Fcategories&post=294"},{"taxonomy":"post_tag","embeddable":true,"href":"https:\/\/cidihca.press\/index.php?rest_route=%2Fwp%2Fv2%2Ftags&post=294"}],"curies":[{"name":"wp","href":"https:\/\/api.w.org\/{rel}","templated":true}]}}